{"id":601,"date":"2022-05-28T05:16:51","date_gmt":"2022-05-28T05:16:51","guid":{"rendered":"https:\/\/agaren.it\/?p=601"},"modified":"2022-06-10T16:49:17","modified_gmt":"2022-06-10T16:49:17","slug":"testa-di-moro-storia-la-leggenda","status":"publish","type":"post","link":"https:\/\/www.agaren.it\/en\/testa-di-moro-storia-la-leggenda\/","title":{"rendered":"Testa\u00a0di\u00a0Moro\u00a0Storia:\u00a0la\u00a0leggenda!"},"content":{"rendered":"<p>La leggenda dei Mori racconta che durante la dominazione dei <span style=\"text-decoration: underline;\"><strong><a href=\"\/en\/testa-di-mora\/\">Mori<\/a><\/strong><\/span> in Sicilia, intorno all\u2019anno 1000, nel quartiere arabo di Palermo \u201cal h\u00e0lisah\u201d.<\/p>\n\n\n\n<p>Una dolce fanciulla fu notata da un giovane moro, che sopraffatto da una violenta passione per essa, non esit\u00f2 a dichiararle il suo amore. Il giovane per\u00f2 nascondeva un\u2019importante verit\u00e0. La giovane, vinta dalla promessa d\u2019amore, lo accolse ricambiando il sentimento dell\u2019ardito corteggiatore.<\/p>\n\n\n\n<h2>Testa di Moro Storia<\/h2>\n\n\n\n<figure class=\"wp-block-gallery has-nested-images columns-default is-cropped wp-block-gallery-1 is-layout-flex wp-block-gallery-is-layout-flex\">\n<figure class=\"wp-block-image size-large\"><img loading=\"lazy\" decoding=\"async\" width=\"1024\" height=\"706\" data-id=\"606\" src=\"https:\/\/agaren.it\/wp-content\/uploads\/2022\/05\/Caltagirone-ceramiche-1024x706.jpg\" alt=\"\" class=\"wp-image-606\" srcset=\"https:\/\/agaren.it\/wp-content\/uploads\/2022\/05\/Caltagirone-ceramiche-980x675.jpg 980w, https:\/\/agaren.it\/wp-content\/uploads\/2022\/05\/Caltagirone-ceramiche-480x331.jpg 480w\" sizes=\"auto, (min-width: 0px) and (max-width: 480px) 480px, (min-width: 481px) and (max-width: 980px) 980px, (min-width: 981px) 1024px, 100vw\" \/><\/figure>\n\n\n\n<figure class=\"wp-block-image size-large\"><img loading=\"lazy\" decoding=\"async\" width=\"1024\" height=\"761\" data-id=\"604\" src=\"https:\/\/agaren.it\/wp-content\/uploads\/2022\/05\/ceramica-caltagirone--1024x761.jpg\" alt=\"\" class=\"wp-image-604\" srcset=\"https:\/\/agaren.it\/wp-content\/uploads\/2022\/05\/ceramica-caltagirone--980x728.jpg 980w, https:\/\/agaren.it\/wp-content\/uploads\/2022\/05\/ceramica-caltagirone--480x357.jpg 480w\" sizes=\"auto, (min-width: 0px) and (max-width: 480px) 480px, (min-width: 481px) and (max-width: 980px) 980px, (min-width: 981px) 1024px, 100vw\" \/><\/figure>\n\n\n\n<figure class=\"wp-block-image size-large\"><img loading=\"lazy\" decoding=\"async\" width=\"1024\" height=\"861\" data-id=\"603\" src=\"https:\/\/agaren.it\/wp-content\/uploads\/2022\/05\/ceramiche-caltagirone-1024x861.jpg\" alt=\"\" class=\"wp-image-603\" srcset=\"https:\/\/agaren.it\/wp-content\/uploads\/2022\/05\/ceramiche-caltagirone-980x824.jpg 980w, https:\/\/agaren.it\/wp-content\/uploads\/2022\/05\/ceramiche-caltagirone-480x404.jpg 480w\" sizes=\"auto, (min-width: 0px) and (max-width: 480px) 480px, (min-width: 481px) and (max-width: 980px) 980px, (min-width: 981px) 1024px, 100vw\" \/><\/figure>\n\n\n\n<figure class=\"wp-block-image size-large\"><img loading=\"lazy\" decoding=\"async\" width=\"1024\" height=\"771\" data-id=\"605\" src=\"https:\/\/agaren.it\/wp-content\/uploads\/2022\/05\/ceramiche-di-caltagione--1024x771.jpg\" alt=\"\" class=\"wp-image-605\" srcset=\"https:\/\/agaren.it\/wp-content\/uploads\/2022\/05\/ceramiche-di-caltagione--980x737.jpg 980w, https:\/\/agaren.it\/wp-content\/uploads\/2022\/05\/ceramiche-di-caltagione--480x361.jpg 480w\" sizes=\"auto, (min-width: 0px) and (max-width: 480px) 480px, (min-width: 481px) and (max-width: 980px) 980px, (min-width: 981px) 1024px, 100vw\" \/><\/figure>\n<figcaption class=\"blocks-gallery-caption\">la leggenda delle teste di moro<\/figcaption><\/figure>\n\n\n\n<div class=\"wp-block-buttons is-layout-flex wp-block-buttons-is-layout-flex\">\n<div class=\"wp-block-button\"><a class=\"wp-block-button__link\" href=\"\/en\/vaso-testa-di-moro\/\">per saperne di pi\u00f9<\/a><\/div>\n<\/div>\n\n\n\n<hr class=\"wp-block-separator has-alpha-channel-opacity\"\/>\n\n\n\n<p>In realt\u00e0 il giovane nascondeva un\u2019importante verit\u00e0, di avere moglie e figli in Oriente e cos\u00ec, quando lei lo scopr\u00ec, decise che il volto di quel giovane da lei tanto amato, sarebbe dovuto rimanere al suo fianco per sempre, senza esitazione alcuna tagli\u00f2 la&nbsp;<strong>testa del moro<\/strong>&nbsp;creando con essa un oggetto simile a un vaso e vi pose all\u2019interno un germoglio di basilico.<\/p>\n\n\n\n<p>Questa odorosa pianta si accompagna da sempre a un\u2019aura di sacralit\u00e0, rappresentando difatti l\u2019erba dei sovrani, in questo modo nonostante il terribile atto compiuto, ella perseguiva il dissennato amorevole fine di continuare a prendersi cura del suo amato giovane. Ogni giorno le lacrime della giovane addolorata innaffiavano la pianta che divenne florida e rigogliosa. Cos\u00ec tutti i vicini, pervasi dal profumo e dalla bellezza della pianta, si fecero realizzare vasi in terracotta con la forma di&nbsp;<a href=\"\/en\/la-storia-teste-di-moro\/\"><strong>Moor's heads<\/strong><\/a>.<\/p>","protected":false},"excerpt":{"rendered":"<p>La leggenda dei Mori racconta che durante la dominazione dei Mori in Sicilia, intorno all\u2019anno 1000, nel quartiere arabo di Palermo \u201cal h\u00e0lisah\u201d. Una dolce fanciulla fu notata da un giovane moro, che sopraffatto da una violenta passione per essa, non esit\u00f2 a dichiararle il suo amore. Il giovane per\u00f2 nascondeva un\u2019importante verit\u00e0. La giovane, [&hellip;]<\/p>\n","protected":false},"author":5,"featured_media":604,"comment_status":"closed","ping_status":"closed","sticky":false,"template":"","format":"standard","meta":{"_et_pb_use_builder":"","_et_pb_old_content":"","_et_gb_content_width":"","footnotes":""},"categories":[19],"tags":[57,35,26,65],"class_list":["post-601","post","type-post","status-publish","format-standard","has-post-thumbnail","hentry","category-ceramiche-di-caltagirone","tag-ceramica-siciliana","tag-ceramica-siciliana-online","tag-ceramiche-caltagirone","tag-testa-di-moro-leggenda"],"yoast_head":"<!-- This site is optimized with the Yoast SEO plugin v27.5 - https:\/\/yoast.com\/product\/yoast-seo-wordpress\/ -->\n<title>Testa\u00a0di\u00a0Moro\u00a0Storia:\u00a0la\u00a0leggenda! - Agar\u00e8n<\/title>\n<meta name=\"description\" content=\"2020: la famosa leggenda sulla TESTA DI MORO che rappresenta un simbolo per la citt\u00e0 di Caltagirone\" \/>\n<meta name=\"robots\" content=\"index, follow, max-snippet:-1, max-image-preview:large, max-video-preview:-1\" \/>\n<link rel=\"canonical\" href=\"https:\/\/www.agaren.it\/en\/testa-di-moro-storia-la-leggenda\/\" \/>\n<meta property=\"og:locale\" content=\"en_GB\" \/>\n<meta property=\"og:type\" content=\"article\" \/>\n<meta property=\"og:title\" content=\"Testa\u00a0di\u00a0Moro\u00a0Storia:\u00a0la\u00a0leggenda! - Agar\u00e8n\" \/>\n<meta property=\"og:description\" content=\"2020: la famosa leggenda sulla TESTA DI MORO che rappresenta un simbolo per la citt\u00e0 di Caltagirone\" \/>\n<meta property=\"og:url\" content=\"https:\/\/www.agaren.it\/en\/testa-di-moro-storia-la-leggenda\/\" \/>\n<meta property=\"og:site_name\" content=\"Agar\u00e8n\" \/>\n<meta property=\"article:published_time\" content=\"2022-05-28T05:16:51+00:00\" \/>\n<meta property=\"article:modified_time\" content=\"2022-06-10T16:49:17+00:00\" \/>\n<meta property=\"og:image\" content=\"https:\/\/www.agaren.it\/wp-content\/uploads\/2022\/05\/ceramica-caltagirone--1024x761.jpg\" \/>\n\t<meta property=\"og:image:width\" content=\"1024\" \/>\n\t<meta property=\"og:image:height\" content=\"761\" \/>\n\t<meta property=\"og:image:type\" content=\"image\/jpeg\" \/>\n<meta name=\"author\" content=\"enrico@sinetweb.net\" \/>\n<meta name=\"twitter:card\" content=\"summary_large_image\" \/>\n<meta name=\"twitter:label1\" content=\"Written by\" \/>\n\t<meta name=\"twitter:data1\" content=\"enrico@sinetweb.net\" \/>\n\t<meta name=\"twitter:label2\" content=\"Estimated reading time\" \/>\n\t<meta name=\"twitter:data2\" content=\"2 minutes\" \/>\n<script type=\"application\/ld+json\" class=\"yoast-schema-graph\">{\"@context\":\"https:\\\/\\\/schema.org\",\"@graph\":[{\"@type\":\"Article\",\"@id\":\"https:\\\/\\\/www.agaren.it\\\/testa-di-moro-storia-la-leggenda\\\/#article\",\"isPartOf\":{\"@id\":\"https:\\\/\\\/www.agaren.it\\\/testa-di-moro-storia-la-leggenda\\\/\"},\"author\":{\"name\":\"enrico@sinetweb.net\",\"@id\":\"https:\\\/\\\/www.agaren.it\\\/#\\\/schema\\\/person\\\/1ff62f05ec8d61015ae3655a97f00667\"},\"headline\":\"Testa\u00a0di\u00a0Moro\u00a0Storia:\u00a0la\u00a0leggenda!\",\"datePublished\":\"2022-05-28T05:16:51+00:00\",\"dateModified\":\"2022-06-10T16:49:17+00:00\",\"mainEntityOfPage\":{\"@id\":\"https:\\\/\\\/www.agaren.it\\\/testa-di-moro-storia-la-leggenda\\\/\"},\"wordCount\":240,\"publisher\":{\"@id\":\"https:\\\/\\\/www.agaren.it\\\/#\\\/schema\\\/person\\\/1ff62f05ec8d61015ae3655a97f00667\"},\"image\":{\"@id\":\"https:\\\/\\\/www.agaren.it\\\/testa-di-moro-storia-la-leggenda\\\/#primaryimage\"},\"thumbnailUrl\":\"https:\\\/\\\/www.agaren.it\\\/wp-content\\\/uploads\\\/2022\\\/05\\\/ceramica-caltagirone-.jpg\",\"keywords\":[\"ceramica Siciliana\",\"ceramica siciliana online\",\"ceramiche Caltagirone\",\"testa di moro leggenda\"],\"articleSection\":[\"Archivio\"],\"inLanguage\":\"en-GB\"},{\"@type\":\"WebPage\",\"@id\":\"https:\\\/\\\/www.agaren.it\\\/testa-di-moro-storia-la-leggenda\\\/\",\"url\":\"https:\\\/\\\/www.agaren.it\\\/testa-di-moro-storia-la-leggenda\\\/\",\"name\":\"Testa\u00a0di\u00a0Moro\u00a0Storia:\u00a0la\u00a0leggenda! - Agar\u00e8n\",\"isPartOf\":{\"@id\":\"https:\\\/\\\/www.agaren.it\\\/#website\"},\"primaryImageOfPage\":{\"@id\":\"https:\\\/\\\/www.agaren.it\\\/testa-di-moro-storia-la-leggenda\\\/#primaryimage\"},\"image\":{\"@id\":\"https:\\\/\\\/www.agaren.it\\\/testa-di-moro-storia-la-leggenda\\\/#primaryimage\"},\"thumbnailUrl\":\"https:\\\/\\\/www.agaren.it\\\/wp-content\\\/uploads\\\/2022\\\/05\\\/ceramica-caltagirone-.jpg\",\"datePublished\":\"2022-05-28T05:16:51+00:00\",\"dateModified\":\"2022-06-10T16:49:17+00:00\",\"description\":\"2020: la famosa leggenda sulla TESTA DI MORO che rappresenta un simbolo per la citt\u00e0 di Caltagirone\",\"breadcrumb\":{\"@id\":\"https:\\\/\\\/www.agaren.it\\\/testa-di-moro-storia-la-leggenda\\\/#breadcrumb\"},\"inLanguage\":\"en-GB\",\"potentialAction\":[{\"@type\":\"ReadAction\",\"target\":[\"https:\\\/\\\/www.agaren.it\\\/testa-di-moro-storia-la-leggenda\\\/\"]}]},{\"@type\":\"ImageObject\",\"inLanguage\":\"en-GB\",\"@id\":\"https:\\\/\\\/www.agaren.it\\\/testa-di-moro-storia-la-leggenda\\\/#primaryimage\",\"url\":\"https:\\\/\\\/www.agaren.it\\\/wp-content\\\/uploads\\\/2022\\\/05\\\/ceramica-caltagirone-.jpg\",\"contentUrl\":\"https:\\\/\\\/www.agaren.it\\\/wp-content\\\/uploads\\\/2022\\\/05\\\/ceramica-caltagirone-.jpg\",\"width\":2000,\"height\":1486,\"caption\":\"teste di moro leggenda\"},{\"@type\":\"BreadcrumbList\",\"@id\":\"https:\\\/\\\/www.agaren.it\\\/testa-di-moro-storia-la-leggenda\\\/#breadcrumb\",\"itemListElement\":[{\"@type\":\"ListItem\",\"position\":1,\"name\":\"Home\",\"item\":\"https:\\\/\\\/www.agaren.it\\\/\"},{\"@type\":\"ListItem\",\"position\":2,\"name\":\"Testa\u00a0di\u00a0Moro\u00a0Storia:\u00a0la\u00a0leggenda!\"}]},{\"@type\":\"WebSite\",\"@id\":\"https:\\\/\\\/www.agaren.it\\\/#website\",\"url\":\"https:\\\/\\\/www.agaren.it\\\/\",\"name\":\"Agar\u00e8n\",\"description\":\"Teste di Moro : Ceramiche di Caltagirone : Ceramiche Siciliane\",\"publisher\":{\"@id\":\"https:\\\/\\\/www.agaren.it\\\/#\\\/schema\\\/person\\\/1ff62f05ec8d61015ae3655a97f00667\"},\"potentialAction\":[{\"@type\":\"SearchAction\",\"target\":{\"@type\":\"EntryPoint\",\"urlTemplate\":\"https:\\\/\\\/www.agaren.it\\\/?s={search_term_string}\"},\"query-input\":{\"@type\":\"PropertyValueSpecification\",\"valueRequired\":true,\"valueName\":\"search_term_string\"}}],\"inLanguage\":\"en-GB\"},{\"@type\":[\"Person\",\"Organization\"],\"@id\":\"https:\\\/\\\/www.agaren.it\\\/#\\\/schema\\\/person\\\/1ff62f05ec8d61015ae3655a97f00667\",\"name\":\"enrico@sinetweb.net\",\"logo\":{\"@id\":\"https:\\\/\\\/www.agaren.it\\\/#\\\/schema\\\/person\\\/image\\\/\"},\"url\":\"https:\\\/\\\/www.agaren.it\\\/en\\\/author\\\/enricosinetweb-net\\\/\"}]}<\/script>\n<!-- \/ Yoast SEO plugin. -->","yoast_head_json":{"title":"Testa\u00a0di\u00a0Moro\u00a0Storia:\u00a0la\u00a0leggenda! - Agar\u00e8n","description":"2020: la famosa leggenda sulla TESTA DI MORO che rappresenta un simbolo per la citt\u00e0 di Caltagirone","robots":{"index":"index","follow":"follow","max-snippet":"max-snippet:-1","max-image-preview":"max-image-preview:large","max-video-preview":"max-video-preview:-1"},"canonical":"https:\/\/www.agaren.it\/en\/testa-di-moro-storia-la-leggenda\/","og_locale":"en_GB","og_type":"article","og_title":"Testa\u00a0di\u00a0Moro\u00a0Storia:\u00a0la\u00a0leggenda! - Agar\u00e8n","og_description":"2020: la famosa leggenda sulla TESTA DI MORO che rappresenta un simbolo per la citt\u00e0 di Caltagirone","og_url":"https:\/\/www.agaren.it\/en\/testa-di-moro-storia-la-leggenda\/","og_site_name":"Agar\u00e8n","article_published_time":"2022-05-28T05:16:51+00:00","article_modified_time":"2022-06-10T16:49:17+00:00","og_image":[{"width":1024,"height":761,"url":"https:\/\/www.agaren.it\/wp-content\/uploads\/2022\/05\/ceramica-caltagirone--1024x761.jpg","type":"image\/jpeg"}],"author":"enrico@sinetweb.net","twitter_card":"summary_large_image","twitter_misc":{"Written by":"enrico@sinetweb.net","Estimated reading time":"2 minutes"},"schema":{"@context":"https:\/\/schema.org","@graph":[{"@type":"Article","@id":"https:\/\/www.agaren.it\/testa-di-moro-storia-la-leggenda\/#article","isPartOf":{"@id":"https:\/\/www.agaren.it\/testa-di-moro-storia-la-leggenda\/"},"author":{"name":"enrico@sinetweb.net","@id":"https:\/\/www.agaren.it\/#\/schema\/person\/1ff62f05ec8d61015ae3655a97f00667"},"headline":"Testa\u00a0di\u00a0Moro\u00a0Storia:\u00a0la\u00a0leggenda!","datePublished":"2022-05-28T05:16:51+00:00","dateModified":"2022-06-10T16:49:17+00:00","mainEntityOfPage":{"@id":"https:\/\/www.agaren.it\/testa-di-moro-storia-la-leggenda\/"},"wordCount":240,"publisher":{"@id":"https:\/\/www.agaren.it\/#\/schema\/person\/1ff62f05ec8d61015ae3655a97f00667"},"image":{"@id":"https:\/\/www.agaren.it\/testa-di-moro-storia-la-leggenda\/#primaryimage"},"thumbnailUrl":"https:\/\/www.agaren.it\/wp-content\/uploads\/2022\/05\/ceramica-caltagirone-.jpg","keywords":["ceramica Siciliana","ceramica siciliana online","ceramiche Caltagirone","testa di moro leggenda"],"articleSection":["Archivio"],"inLanguage":"en-GB"},{"@type":"WebPage","@id":"https:\/\/www.agaren.it\/testa-di-moro-storia-la-leggenda\/","url":"https:\/\/www.agaren.it\/testa-di-moro-storia-la-leggenda\/","name":"Testa\u00a0di\u00a0Moro\u00a0Storia:\u00a0la\u00a0leggenda! - Agar\u00e8n","isPartOf":{"@id":"https:\/\/www.agaren.it\/#website"},"primaryImageOfPage":{"@id":"https:\/\/www.agaren.it\/testa-di-moro-storia-la-leggenda\/#primaryimage"},"image":{"@id":"https:\/\/www.agaren.it\/testa-di-moro-storia-la-leggenda\/#primaryimage"},"thumbnailUrl":"https:\/\/www.agaren.it\/wp-content\/uploads\/2022\/05\/ceramica-caltagirone-.jpg","datePublished":"2022-05-28T05:16:51+00:00","dateModified":"2022-06-10T16:49:17+00:00","description":"2020: la famosa leggenda sulla TESTA DI MORO che rappresenta un simbolo per la citt\u00e0 di Caltagirone","breadcrumb":{"@id":"https:\/\/www.agaren.it\/testa-di-moro-storia-la-leggenda\/#breadcrumb"},"inLanguage":"en-GB","potentialAction":[{"@type":"ReadAction","target":["https:\/\/www.agaren.it\/testa-di-moro-storia-la-leggenda\/"]}]},{"@type":"ImageObject","inLanguage":"en-GB","@id":"https:\/\/www.agaren.it\/testa-di-moro-storia-la-leggenda\/#primaryimage","url":"https:\/\/www.agaren.it\/wp-content\/uploads\/2022\/05\/ceramica-caltagirone-.jpg","contentUrl":"https:\/\/www.agaren.it\/wp-content\/uploads\/2022\/05\/ceramica-caltagirone-.jpg","width":2000,"height":1486,"caption":"teste di moro leggenda"},{"@type":"BreadcrumbList","@id":"https:\/\/www.agaren.it\/testa-di-moro-storia-la-leggenda\/#breadcrumb","itemListElement":[{"@type":"ListItem","position":1,"name":"Home","item":"https:\/\/www.agaren.it\/"},{"@type":"ListItem","position":2,"name":"Testa\u00a0di\u00a0Moro\u00a0Storia:\u00a0la\u00a0leggenda!"}]},{"@type":"WebSite","@id":"https:\/\/www.agaren.it\/#website","url":"https:\/\/www.agaren.it\/","name":"Agar\u00e8n","description":"Teste di Moro : Ceramiche di Caltagirone : Ceramiche Siciliane","publisher":{"@id":"https:\/\/www.agaren.it\/#\/schema\/person\/1ff62f05ec8d61015ae3655a97f00667"},"potentialAction":[{"@type":"SearchAction","target":{"@type":"EntryPoint","urlTemplate":"https:\/\/www.agaren.it\/?s={search_term_string}"},"query-input":{"@type":"PropertyValueSpecification","valueRequired":true,"valueName":"search_term_string"}}],"inLanguage":"en-GB"},{"@type":["Person","Organization"],"@id":"https:\/\/www.agaren.it\/#\/schema\/person\/1ff62f05ec8d61015ae3655a97f00667","name":"enrico@sinetweb.net","logo":{"@id":"https:\/\/www.agaren.it\/#\/schema\/person\/image\/"},"url":"https:\/\/www.agaren.it\/en\/author\/enricosinetweb-net\/"}]}},"_links":{"self":[{"href":"https:\/\/www.agaren.it\/en\/wp-json\/wp\/v2\/posts\/601","targetHints":{"allow":["GET"]}}],"collection":[{"href":"https:\/\/www.agaren.it\/en\/wp-json\/wp\/v2\/posts"}],"about":[{"href":"https:\/\/www.agaren.it\/en\/wp-json\/wp\/v2\/types\/post"}],"author":[{"embeddable":true,"href":"https:\/\/www.agaren.it\/en\/wp-json\/wp\/v2\/users\/5"}],"replies":[{"embeddable":true,"href":"https:\/\/www.agaren.it\/en\/wp-json\/wp\/v2\/comments?post=601"}],"version-history":[{"count":7,"href":"https:\/\/www.agaren.it\/en\/wp-json\/wp\/v2\/posts\/601\/revisions"}],"predecessor-version":[{"id":865,"href":"https:\/\/www.agaren.it\/en\/wp-json\/wp\/v2\/posts\/601\/revisions\/865"}],"wp:featuredmedia":[{"embeddable":true,"href":"https:\/\/www.agaren.it\/en\/wp-json\/wp\/v2\/media\/604"}],"wp:attachment":[{"href":"https:\/\/www.agaren.it\/en\/wp-json\/wp\/v2\/media?parent=601"}],"wp:term":[{"taxonomy":"category","embeddable":true,"href":"https:\/\/www.agaren.it\/en\/wp-json\/wp\/v2\/categories?post=601"},{"taxonomy":"post_tag","embeddable":true,"href":"https:\/\/www.agaren.it\/en\/wp-json\/wp\/v2\/tags?post=601"}],"curies":[{"name":"wp","href":"https:\/\/api.w.org\/{rel}","templated":true}]}}